{"id":42657,"date":"2026-09-03T09:21:48","date_gmt":"2026-09-03T07:21:48","guid":{"rendered":"https:\/\/os-dragatus.splet.arnes.si\/?p=42657"},"modified":"2026-09-03T14:45:28","modified_gmt":"2026-09-03T12:45:28","slug":"prva-solska-dneva-na-nasi-soli","status":"publish","type":"post","link":"https:\/\/os-dragatus.splet.arnes.si\/?p=42657","title":{"rendered":"Prva \u0161olska dneva na na\u0161i \u0161oli"},"content":{"rendered":"<p>Prvi \u0161olski dan je bil za na\u0161e prvo\u0161olce nekaj prav posebnega. V \u0161olo so jih pospremili u\u010denci 9. razreda in jim tako pomagali narediti prve korake na novi \u0161olski poti. Prvo\u0161olci so spoznali \u0161olo, u\u010ditelje in nove so\u0161olce.<\/p>\n<p>U\u010denci od 1. do 5. razreda ter otroci iz skupine Cicibani iz vrtca so si ogledali predstavo <strong>Zme\u0161njava iz kov\u010dka<\/strong>, v kateri jih je igralka Lucija \u0106irovi\u0107 s svojo igrivostjo in humorjem po\u0161teno nasmejala. Po predstavi je prvo\u0161olce \u010dakalo \u0161e sladko presene\u010denje \u2013 okusna rolada.<\/p>\n<p>Tudi za starej\u0161e u\u010dence je bil prvi \u0161olski dan prilo\u017enost za ponovno snidenje s so\u0161olci in u\u010ditelji. Po dolgih po\u010ditnicah so se vrnili v \u0161olske klopi, spoznali svoje urnike ter se pripravili na nove izzive, znanja in do\u017eivetja, ki jih \u010dakajo v novem \u0161olskem letu.<\/p>\n<p>Drugi \u0161olski dan je prvo\u0161olce obiskal \u017eupan Ob\u010dine \u010crnomelj Andrej Kav\u0161ek. Z njimi je prijazno poklepetal ter jim za\u017eelel veliko uspeha, veselja in prijetnih trenutkov v \u0161olskih klopeh.<\/p>\n<p>Vsem u\u010dencem \u017eelimo radovedno, uspe\u0161no in prijetno \u0161olsko leto!<\/p>\nngg_shortcode_0_placeholder\n","protected":false},"excerpt":{"rendered":"<p>Prvi \u0161olski dan je bil za na\u0161e prvo\u0161olce nekaj prav posebnega. V \u0161olo so jih pospremili u\u010denci 9. razreda in jim tako pomagali narediti prve korake na novi \u0161olski poti. Prvo\u0161olci so spoznali \u0161olo, u\u010ditelje in nove so\u0161olce. U\u010denci od 1. do 5. razreda ter otroci iz skupine Cicibani iz vrtca so si ogledali predstavo [&hellip;]<\/p>\n","protected":false},"author":111801,"featured_media":42676,"comment_status":"closed","ping_status":"closed","sticky":false,"template":"","format":"standard","meta":{"_et_pb_use_builder":"","_et_pb_old_content":"","_et_gb_content_width":"","ngg_post_thumbnail":0,"footnotes":""},"categories":[10],"tags":[],"class_list":["post-42657","post","type-post","status-publish","format-standard","has-post-thumbnail","hentry","category-nedavni-dogodki"],"publishpress_future_action":{"enabled":false,"date":"2026-09-10 18:12:55","action":"change-status","newStatus":"draft","terms":[],"taxonomy":"category","extraData":[]},"publishpress_future_workflow_manual_trigger":{"enabledWorkflows":[]},"_links":{"self":[{"href":"https:\/\/os-dragatus.splet.arnes.si\/index.php?rest_route=\/wp\/v2\/posts\/42657","targetHints":{"allow":["GET"]}}],"collection":[{"href":"https:\/\/os-dragatus.splet.arnes.si\/index.php?rest_route=\/wp\/v2\/posts"}],"about":[{"href":"https:\/\/os-dragatus.splet.arnes.si\/index.php?rest_route=\/wp\/v2\/types\/post"}],"author":[{"embeddable":true,"href":"https:\/\/os-dragatus.splet.arnes.si\/index.php?rest_route=\/wp\/v2\/users\/111801"}],"replies":[{"embeddable":true,"href":"https:\/\/os-dragatus.splet.arnes.si\/index.php?rest_route=%2Fwp%2Fv2%2Fcomments&post=42657"}],"version-history":[{"count":1,"href":"https:\/\/os-dragatus.splet.arnes.si\/index.php?rest_route=\/wp\/v2\/posts\/42657\/revisions"}],"predecessor-version":[{"id":42677,"href":"https:\/\/os-dragatus.splet.arnes.si\/index.php?rest_route=\/wp\/v2\/posts\/42657\/revisions\/42677"}],"wp:featuredmedia":[{"embeddable":true,"href":"https:\/\/os-dragatus.splet.arnes.si\/index.php?rest_route=\/wp\/v2\/media\/42676"}],"wp:attachment":[{"href":"https:\/\/os-dragatus.splet.arnes.si\/index.php?rest_route=%2Fwp%2Fv2%2Fmedia&parent=42657"}],"wp:term":[{"taxonomy":"category","embeddable":true,"href":"https:\/\/os-dragatus.splet.arnes.si\/index.php?rest_route=%2Fwp%2Fv2%2Fcategories&post=42657"},{"taxonomy":"post_tag","embeddable":true,"href":"https:\/\/os-dragatus.splet.arnes.si\/index.php?rest_route=%2Fwp%2Fv2%2Ftags&post=42657"}],"curies":[{"name":"wp","href":"https:\/\/api.w.org\/{rel}","templated":true}]}}