{"id":40970,"date":"2026-02-05T08:40:30","date_gmt":"2026-02-05T07:40:30","guid":{"rendered":"https:\/\/os-dragatus.splet.arnes.si\/?p=40970"},"modified":"2026-02-05T08:40:30","modified_gmt":"2026-02-05T07:40:30","slug":"projekt-krokus-4","status":"publish","type":"post","link":"https:\/\/os-dragatus.splet.arnes.si\/?p=40970","title":{"rendered":"Projekt Krokus"},"content":{"rendered":"<p>V \u0161olskem letu 2025\/2026 nadaljujemo s sodelovanjem v <strong>projektu Krokus<\/strong>, v katerega smo ponovno vklju\u010dili u\u010dence 9. razreda. Cilj projekta je na primeren na\u010din seznaniti mlade s holokavstom ter jih ozave\u0161\u010dati o nevarnostih rasizma in diskriminacije. V sklopu projekta smo v spomin na 1,5 milijona judovskih otrok, ki so&nbsp; umrlih v holokavstu in v spomin na tiso\u010de drugih otrok, ki so bili \u017ertve nacisti\u010dnih grozodejstev jeseni 2025 z u\u010denci na \u0161olskem vrtu posadili <strong>\u010debulice rumenega \u017eafrana.<\/strong> Rumeni cvetovi spominjajo na rumene Davidove zvezde, ki so jih bili Judje prisiljeni nositi v \u010dasu nacisti\u010dne vladavine. Krokus bo zacvetel ravno te dni.<\/p>\n<p><strong>27. januar je svetovni dan spomina na \u017ertve holokavsta<\/strong>, zato smo pri urah zgodovine v zadnjem tednu januarja obele\u017eili ta spominski dan. To izredno te\u017eko temo sem \u017eelela u\u010dencem pribli\u017eati skozi zgodbe oziroma pri\u010devanja \u017ertev, torej Judov.<\/p>\n<p>Z u\u010denci smo si ogledali posnetek Kratko \u017eivljenje Ane Frank in se po ogledu pogovorili. Ana je bila judovsko dekle, ki se je med 2. svetovno vojno 2 leti skrivala s svojo dru\u017eino pred Nemci. V tem \u010dasu je Ana pisala svoj&nbsp;dnevnik. Dru\u017eino so odkrili na podstre\u0161ju hi\u0161e ter jo odpeljali v koncentracijsko tabori\u0161\u010de. Konec vojne in izpustitev iz tabori\u0161\u010da je do\u010dakal samo Annin o\u010de. Objavil je dnevnik preminule h\u010derke, ki je bil nato preveden v ve\u010d kot 55 svetovnih jezikov. Podstre\u0161je v poslovni stavbi v sredi\u0161\u010du Amsterdama, kjer se je dru\u017eina skrivala, je danes spremenjeno v muzej.<\/p>\n<p>Z u\u010denci smo si ogledali tudi dokumentarni posnetek Pisma Eriki F\u00fcrst, v katerem pri\u010devalka, ki je pre\u017eivela grozote holokavsta pripoveduje svojo zgodbo o \u017eivljenju v koncentracijskem tabori\u0161\u010du.<\/p>\n<p>Nato pa so u\u010denci ob slikovnem gradivu na PPT predstavitvi prebrali odlomke pri\u010devanj iz dnevnikov judovskih otrok iz \u010dasa 30- ih in 40-ih let prej\u0161njega stoletja.<\/p>\n<p>Z u\u010denci smo se pogovarjali&nbsp;tudi o tistih, ki so pomagali judovskim otrokom in s tem tvegali lastno \u017eivljenje.<\/p>\n<p>Z u\u010denci smo naredili tudi plakat, ki smo ga razstavili na \u0161olskem hodniku.<\/p>\n<p>V dveh \u0161olskih urah sem u\u010dencem sku\u0161ala razlo\u017eiti enega najve\u010djih zlo\u010dinov nad \u010dlove\u0161tvom. Tema se jih je zelo dotaknila. Pogovarjali smo se tudi o zlo\u010dinih \u010dlove\u0161tva, ki se \u0161e danes dogajajo po svetu in skupaj sklenili, da se ljudje prav ni\u010d nismo nau\u010dili iz preteklosti.&nbsp;<\/p>\n<p style=\"text-align: right\">Anita Vrtin, koordinatorica projekta<\/p>\nngg_shortcode_0_placeholder\n","protected":false},"excerpt":{"rendered":"<p>V \u0161olskem letu 2025\/2026 nadaljujemo s sodelovanjem v projektu Krokus, v katerega smo ponovno vklju\u010dili u\u010dence 9. razreda. Cilj projekta je na primeren na\u010din seznaniti mlade s holokavstom ter jih ozave\u0161\u010dati o nevarnostih rasizma in diskriminacije. V sklopu projekta smo v spomin na 1,5 milijona judovskih otrok, ki so&nbsp; umrlih v holokavstu in v spomin [&hellip;]<\/p>\n","protected":false},"author":111801,"featured_media":40985,"comment_status":"closed","ping_status":"closed","sticky":false,"template":"","format":"standard","meta":{"_et_pb_use_builder":"","_et_pb_old_content":"","_et_gb_content_width":"","ngg_post_thumbnail":0,"footnotes":"","_expiration-date-status":"","_expiration-date":0,"_expiration-date-type":"","_expiration-date-categories":[],"_expiration-date-options":[]},"categories":[10],"tags":[],"class_list":["post-40970","post","type-post","status-publish","format-standard","has-post-thumbnail","hentry","category-nedavni-dogodki"],"_links":{"self":[{"href":"https:\/\/os-dragatus.splet.arnes.si\/index.php?rest_route=\/wp\/v2\/posts\/40970","targetHints":{"allow":["GET"]}}],"collection":[{"href":"https:\/\/os-dragatus.splet.arnes.si\/index.php?rest_route=\/wp\/v2\/posts"}],"about":[{"href":"https:\/\/os-dragatus.splet.arnes.si\/index.php?rest_route=\/wp\/v2\/types\/post"}],"author":[{"embeddable":true,"href":"https:\/\/os-dragatus.splet.arnes.si\/index.php?rest_route=\/wp\/v2\/users\/111801"}],"replies":[{"embeddable":true,"href":"https:\/\/os-dragatus.splet.arnes.si\/index.php?rest_route=%2Fwp%2Fv2%2Fcomments&post=40970"}],"version-history":[{"count":1,"href":"https:\/\/os-dragatus.splet.arnes.si\/index.php?rest_route=\/wp\/v2\/posts\/40970\/revisions"}],"predecessor-version":[{"id":40986,"href":"https:\/\/os-dragatus.splet.arnes.si\/index.php?rest_route=\/wp\/v2\/posts\/40970\/revisions\/40986"}],"wp:featuredmedia":[{"embeddable":true,"href":"https:\/\/os-dragatus.splet.arnes.si\/index.php?rest_route=\/wp\/v2\/media\/40985"}],"wp:attachment":[{"href":"https:\/\/os-dragatus.splet.arnes.si\/index.php?rest_route=%2Fwp%2Fv2%2Fmedia&parent=40970"}],"wp:term":[{"taxonomy":"category","embeddable":true,"href":"https:\/\/os-dragatus.splet.arnes.si\/index.php?rest_route=%2Fwp%2Fv2%2Fcategories&post=40970"},{"taxonomy":"post_tag","embeddable":true,"href":"https:\/\/os-dragatus.splet.arnes.si\/index.php?rest_route=%2Fwp%2Fv2%2Ftags&post=40970"}],"curies":[{"name":"wp","href":"https:\/\/api.w.org\/{rel}","templated":true}]}}