{"id":40942,"date":"2026-02-05T08:18:14","date_gmt":"2026-02-05T07:18:14","guid":{"rendered":"https:\/\/os-dragatus.splet.arnes.si\/?p=40942"},"modified":"2026-02-05T08:18:14","modified_gmt":"2026-02-05T07:18:14","slug":"ustvarjanje-nasih-ucenk-ob-bajki-volkodlak","status":"publish","type":"post","link":"https:\/\/os-dragatus.splet.arnes.si\/?p=40942","title":{"rendered":"Ustvarjanje na\u0161ih u\u010denk ob bajki Volkodlak"},"content":{"rendered":"<p>V \u010detrtek, 29. januarja 2026, smo se u\u010denke Osnovne \u0161ole Dragatu\u0161 udele\u017eile 13. likovne delavnice <strong>Bajke in povesti o Gorjancih<\/strong>, ki je potekala na Osnovni \u0161oli Stopi\u010de.<\/p>\n<p>Ustvarjale smo v grafi\u010dni tehniki <strong>linorez<\/strong> na temo bajke <em>Volkodlak<\/em>. Ker smo delale skupinsko grafiko, smo se najprej pogovorile in uskladile ideje ter se dogovorile, kaj bo katera prispevala k skupnemu delu. Nato smo izdelale idejne skice, jih prenesle na linolejske matrice in za\u010dele z izrezovanjem z no\u017eki za linorez. Ko so bile matrice dokon\u010dane, smo jih ro\u010dno odtisnile na platno.<\/p>\n<p>Po kon\u010danem odtiskovanju smo vsaka ustvarile \u0161e samostojno risbo z belimi svin\u010dniki na \u010drno podlago, prav tako na temo Volkodlaka. Delavnico smo zaklju\u010dile s kraj\u0161o kulturno prireditvijo, ki so jo pripravili u\u010denci O\u0160 Stopi\u010de, ob tej prilo\u017enosti pa smo vse prejele tudi priznanja za sodelovanje. Na koncu smo si ogledale \u0161e razstavo vseh likovnih del, nastalih na delavnici.<\/p>\n<p>Dan je bil zelo ustvarjalen, pou\u010den in zanimiv, hkrati pa smo pridobile nove izku\u0161nje ter se dru\u017eile z vrstniki iz drugih \u0161ol.<\/p>\n<p style=\"text-align: right\">Sara Puhek, Tia Toma\u017ei\u010d in Evita \u0160malcelj<\/p>\nngg_shortcode_0_placeholder\n","protected":false},"excerpt":{"rendered":"<p>V \u010detrtek, 29. januarja 2026, smo se u\u010denke Osnovne \u0161ole Dragatu\u0161 udele\u017eile 13. likovne delavnice Bajke in povesti o Gorjancih, ki je potekala na Osnovni \u0161oli Stopi\u010de. Ustvarjale smo v grafi\u010dni tehniki linorez na temo bajke Volkodlak. Ker smo delale skupinsko grafiko, smo se najprej pogovorile in uskladile ideje ter se dogovorile, kaj bo katera [&hellip;]<\/p>\n","protected":false},"author":111801,"featured_media":40968,"comment_status":"closed","ping_status":"closed","sticky":false,"template":"","format":"standard","meta":{"_et_pb_use_builder":"","_et_pb_old_content":"","_et_gb_content_width":"","ngg_post_thumbnail":0,"footnotes":"","_expiration-date-status":"","_expiration-date":0,"_expiration-date-type":"","_expiration-date-categories":[],"_expiration-date-options":[]},"categories":[10],"tags":[],"class_list":["post-40942","post","type-post","status-publish","format-standard","has-post-thumbnail","hentry","category-nedavni-dogodki"],"_links":{"self":[{"href":"https:\/\/os-dragatus.splet.arnes.si\/index.php?rest_route=\/wp\/v2\/posts\/40942","targetHints":{"allow":["GET"]}}],"collection":[{"href":"https:\/\/os-dragatus.splet.arnes.si\/index.php?rest_route=\/wp\/v2\/posts"}],"about":[{"href":"https:\/\/os-dragatus.splet.arnes.si\/index.php?rest_route=\/wp\/v2\/types\/post"}],"author":[{"embeddable":true,"href":"https:\/\/os-dragatus.splet.arnes.si\/index.php?rest_route=\/wp\/v2\/users\/111801"}],"replies":[{"embeddable":true,"href":"https:\/\/os-dragatus.splet.arnes.si\/index.php?rest_route=%2Fwp%2Fv2%2Fcomments&post=40942"}],"version-history":[{"count":1,"href":"https:\/\/os-dragatus.splet.arnes.si\/index.php?rest_route=\/wp\/v2\/posts\/40942\/revisions"}],"predecessor-version":[{"id":40969,"href":"https:\/\/os-dragatus.splet.arnes.si\/index.php?rest_route=\/wp\/v2\/posts\/40942\/revisions\/40969"}],"wp:featuredmedia":[{"embeddable":true,"href":"https:\/\/os-dragatus.splet.arnes.si\/index.php?rest_route=\/wp\/v2\/media\/40968"}],"wp:attachment":[{"href":"https:\/\/os-dragatus.splet.arnes.si\/index.php?rest_route=%2Fwp%2Fv2%2Fmedia&parent=40942"}],"wp:term":[{"taxonomy":"category","embeddable":true,"href":"https:\/\/os-dragatus.splet.arnes.si\/index.php?rest_route=%2Fwp%2Fv2%2Fcategories&post=40942"},{"taxonomy":"post_tag","embeddable":true,"href":"https:\/\/os-dragatus.splet.arnes.si\/index.php?rest_route=%2Fwp%2Fv2%2Ftags&post=40942"}],"curies":[{"name":"wp","href":"https:\/\/api.w.org\/{rel}","templated":true}]}}