{"id":40218,"date":"2025-11-14T07:58:30","date_gmt":"2025-11-14T06:58:30","guid":{"rendered":"https:\/\/os-dragatus.splet.arnes.si\/?p=40218"},"modified":"2025-11-14T07:58:30","modified_gmt":"2025-11-14T06:58:30","slug":"najstarejsi-pomagamo-najmlajsim","status":"publish","type":"post","link":"https:\/\/os-dragatus.splet.arnes.si\/?p=40218","title":{"rendered":"Najstarej\u0161i pomagamo najmlaj\u0161im"},"content":{"rendered":"<p>V torek, 4. 11. 2025, smo v sklopu projekta Varno in spodbudno u\u010dno okolje, u\u010denci 9. razreda prvo\u0161olcem razkazali \u0161olo. Sre\u010danje je bilo namenjeno dru\u017eenju, spoznavanju in medsebojni pomo\u010di med najmlaj\u0161imi in najstarej\u0161imi u\u010denci na \u0161oli.<\/p>\n<p>Na za\u010detku smo se jim predstavili, nato si je vsak prvo\u0161olec izbral deveto\u0161olca, s katerim je hodil po \u0161oli. Za\u010deli smo v 1. nadstropju, kjer smo jim razkazali knji\u017enjico, 2. razred in nadaljevali v pisarno u\u010diteljice Silve ter se ustavili pri ravnateljici. Razkazali smo jim tudi u\u010dilnice na predmetni stopnji. Na koncu smo pri\u0161li tudi v na\u0161o mati\u010dno u\u010dilnico \u0161t. 10. Vsak se je s prvo\u0161olcem, ki ga je imel zbli\u017eal in bolje spoznal.<\/p>\n<p>Sre\u010danje je bilo prijetno in pou\u010dno za obe generaciji. Prvo\u0161olci so spoznali prostore \u0161ole in se ob tem po\u010dutili varneje, deveto\u0161olci pa smo bili ponosni, da smo jim lahko pomagali in se z njimi povezali. Dogodek je pokazal, kako pomembno je sodelovanje in medsebojno spo\u0161tovanje med u\u010denci razli\u010dnih starosti.<\/p>\n<p style=\"text-align: right\">Ne\u017ea \u0160pehar, u\u010denka 9. r.<\/p>\nngg_shortcode_0_placeholder\n","protected":false},"excerpt":{"rendered":"<p>V torek, 4. 11. 2025, smo v sklopu projekta Varno in spodbudno u\u010dno okolje, u\u010denci 9. razreda prvo\u0161olcem razkazali \u0161olo. Sre\u010danje je bilo namenjeno dru\u017eenju, spoznavanju in medsebojni pomo\u010di med najmlaj\u0161imi in najstarej\u0161imi u\u010denci na \u0161oli. Na za\u010detku smo se jim predstavili, nato si je vsak prvo\u0161olec izbral deveto\u0161olca, s katerim je hodil po \u0161oli. [&hellip;]<\/p>\n","protected":false},"author":111801,"featured_media":40237,"comment_status":"closed","ping_status":"closed","sticky":false,"template":"","format":"standard","meta":{"_et_pb_use_builder":"","_et_pb_old_content":"","_et_gb_content_width":"","ngg_post_thumbnail":0,"footnotes":"","_expiration-date-status":"","_expiration-date":0,"_expiration-date-type":"","_expiration-date-categories":[],"_expiration-date-options":[]},"categories":[10],"tags":[],"class_list":["post-40218","post","type-post","status-publish","format-standard","has-post-thumbnail","hentry","category-nedavni-dogodki"],"_links":{"self":[{"href":"https:\/\/os-dragatus.splet.arnes.si\/index.php?rest_route=\/wp\/v2\/posts\/40218","targetHints":{"allow":["GET"]}}],"collection":[{"href":"https:\/\/os-dragatus.splet.arnes.si\/index.php?rest_route=\/wp\/v2\/posts"}],"about":[{"href":"https:\/\/os-dragatus.splet.arnes.si\/index.php?rest_route=\/wp\/v2\/types\/post"}],"author":[{"embeddable":true,"href":"https:\/\/os-dragatus.splet.arnes.si\/index.php?rest_route=\/wp\/v2\/users\/111801"}],"replies":[{"embeddable":true,"href":"https:\/\/os-dragatus.splet.arnes.si\/index.php?rest_route=%2Fwp%2Fv2%2Fcomments&post=40218"}],"version-history":[{"count":1,"href":"https:\/\/os-dragatus.splet.arnes.si\/index.php?rest_route=\/wp\/v2\/posts\/40218\/revisions"}],"predecessor-version":[{"id":40238,"href":"https:\/\/os-dragatus.splet.arnes.si\/index.php?rest_route=\/wp\/v2\/posts\/40218\/revisions\/40238"}],"wp:featuredmedia":[{"embeddable":true,"href":"https:\/\/os-dragatus.splet.arnes.si\/index.php?rest_route=\/wp\/v2\/media\/40237"}],"wp:attachment":[{"href":"https:\/\/os-dragatus.splet.arnes.si\/index.php?rest_route=%2Fwp%2Fv2%2Fmedia&parent=40218"}],"wp:term":[{"taxonomy":"category","embeddable":true,"href":"https:\/\/os-dragatus.splet.arnes.si\/index.php?rest_route=%2Fwp%2Fv2%2Fcategories&post=40218"},{"taxonomy":"post_tag","embeddable":true,"href":"https:\/\/os-dragatus.splet.arnes.si\/index.php?rest_route=%2Fwp%2Fv2%2Ftags&post=40218"}],"curies":[{"name":"wp","href":"https:\/\/api.w.org\/{rel}","templated":true}]}}