{"id":37673,"date":"2025-04-10T07:34:22","date_gmt":"2025-04-10T05:34:22","guid":{"rendered":"https:\/\/os-dragatus.splet.arnes.si\/?p=37673"},"modified":"2025-04-10T07:34:22","modified_gmt":"2025-04-10T05:34:22","slug":"okrasili-smo-lampijoncek","status":"publish","type":"post","link":"https:\/\/os-dragatus.splet.arnes.si\/?p=37673","title":{"rendered":"Okrasili smo lampijon\u010dek"},"content":{"rendered":"<p>V \u010detrtek, 27. 3., smo se v \u010crnomlju na trgu pred gradom zbrali za pri\u017eig lampijonov, ki je veljal za otvoritev 18. Mednarodne kiparske kolonije, ki se je ta dva dni odvijala v \u010crnomlju.<\/p>\n<p>Tja\u0161a Puhek in Nadja Jesih sva na povabilo u\u010diteljice Jasmine Strugar teden prej za\u010deli z barvanjem lampijona O\u0160 Dragatu\u0161. Tema na katero smo ustvarjale je bila MIR. Z u\u010diteljico smo se domislile, da bi na\u0161 lampijon okrasile abstraktno \u2013 narisale smo krive nesklenjene \u010drte, ki predstavljajo svobodne poti brez meja. Te poti se tudi kri\u017eajo, kar ponazarja nova prijateljstva med ljudmi in narodi. Vse to se lahko dogaja, ko je mir, saj \u010de je vojna, to ni mogo\u010de. Tudi lepe in tople barve pomenijo mir in vse dobro. Pri ustvarjanju lampijona sem zelo u\u017eivala, predvsem pa sem se po\u010dutila po\u010da\u0161\u010deno, da me je u\u010diteljica Jasmina povabila k temu projektu.<\/p>\n<p>Preden so pri\u017egali lampijone, smo predstavniki vsake \u0161ole predstavili pomen vsakega. Nato smo za\u010deli z od\u0161tevanjem in ko smo pre\u0161teli od 10 do 0, so lampijoni za\u017eareli v vsem svojem sijaju. \u0160e vedno si jih je mogo\u010de ogledati in ob\u010dudovati domi\u0161ljijo ter ustvarjalnost u\u010dencev iz vseh belokranjskih \u0161ol.<\/p>\n<p style=\"text-align: right\">Nadja Jesih, 4. r.<\/p>\nngg_shortcode_0_placeholder\n","protected":false},"excerpt":{"rendered":"<p>V \u010detrtek, 27. 3., smo se v \u010crnomlju na trgu pred gradom zbrali za pri\u017eig lampijonov, ki je veljal za otvoritev 18. Mednarodne kiparske kolonije, ki se je ta dva dni odvijala v \u010crnomlju. Tja\u0161a Puhek in Nadja Jesih sva na povabilo u\u010diteljice Jasmine Strugar teden prej za\u010deli z barvanjem lampijona O\u0160 Dragatu\u0161. Tema na [&hellip;]<\/p>\n","protected":false},"author":111801,"featured_media":37700,"comment_status":"closed","ping_status":"closed","sticky":false,"template":"","format":"standard","meta":{"_et_pb_use_builder":"","_et_pb_old_content":"","_et_gb_content_width":"","ngg_post_thumbnail":0,"footnotes":"","_expiration-date-status":"","_expiration-date":0,"_expiration-date-type":"","_expiration-date-categories":[],"_expiration-date-options":[]},"categories":[10],"tags":[],"class_list":["post-37673","post","type-post","status-publish","format-standard","has-post-thumbnail","hentry","category-nedavni-dogodki"],"_links":{"self":[{"href":"https:\/\/os-dragatus.splet.arnes.si\/index.php?rest_route=\/wp\/v2\/posts\/37673","targetHints":{"allow":["GET"]}}],"collection":[{"href":"https:\/\/os-dragatus.splet.arnes.si\/index.php?rest_route=\/wp\/v2\/posts"}],"about":[{"href":"https:\/\/os-dragatus.splet.arnes.si\/index.php?rest_route=\/wp\/v2\/types\/post"}],"author":[{"embeddable":true,"href":"https:\/\/os-dragatus.splet.arnes.si\/index.php?rest_route=\/wp\/v2\/users\/111801"}],"replies":[{"embeddable":true,"href":"https:\/\/os-dragatus.splet.arnes.si\/index.php?rest_route=%2Fwp%2Fv2%2Fcomments&post=37673"}],"version-history":[{"count":1,"href":"https:\/\/os-dragatus.splet.arnes.si\/index.php?rest_route=\/wp\/v2\/posts\/37673\/revisions"}],"predecessor-version":[{"id":37701,"href":"https:\/\/os-dragatus.splet.arnes.si\/index.php?rest_route=\/wp\/v2\/posts\/37673\/revisions\/37701"}],"wp:featuredmedia":[{"embeddable":true,"href":"https:\/\/os-dragatus.splet.arnes.si\/index.php?rest_route=\/wp\/v2\/media\/37700"}],"wp:attachment":[{"href":"https:\/\/os-dragatus.splet.arnes.si\/index.php?rest_route=%2Fwp%2Fv2%2Fmedia&parent=37673"}],"wp:term":[{"taxonomy":"category","embeddable":true,"href":"https:\/\/os-dragatus.splet.arnes.si\/index.php?rest_route=%2Fwp%2Fv2%2Fcategories&post=37673"},{"taxonomy":"post_tag","embeddable":true,"href":"https:\/\/os-dragatus.splet.arnes.si\/index.php?rest_route=%2Fwp%2Fv2%2Ftags&post=37673"}],"curies":[{"name":"wp","href":"https:\/\/api.w.org\/{rel}","templated":true}]}}