{"id":37610,"date":"2025-04-04T11:13:24","date_gmt":"2025-04-04T09:13:24","guid":{"rendered":"https:\/\/os-dragatus.splet.arnes.si\/?p=37610"},"modified":"2025-04-04T11:13:24","modified_gmt":"2025-04-04T09:13:24","slug":"udelezili-sva-se-18-mednarodne-kiparske-kolonije-mladih-crnomelj-2025","status":"publish","type":"post","link":"https:\/\/os-dragatus.splet.arnes.si\/?p=37610","title":{"rendered":"Udele\u017eili sva se 18. Mednarodne kiparske kolonije mladih \u010crnomelj 2025"},"content":{"rendered":"<p>V \u010detrtek, 27. in v petek, 28. marca 2025, sva se s so\u0161olko Laro udele\u017eili 18. Mednarodne kiparske kolonije mladih 2025, ki je potekala v \u010crnomlju.<\/p>\n<p>V \u010detrtek, na prvi dan kolonije, smo se zbrali v Ljudski univerzi ZIK v \u010crnomlju. Tam so nas razdelili v delavnice. Z Laro sva bili dodeljeni v monta\u017eno plastiko. Bile pa so \u0161e tri delavnice in sicer siporeks, keramika in 3D modeliranje. Tema na katero smo ustvarjali je bila MIR. Najprej smo za\u010deli z uvodnim predavanjem na\u0161ega mentorja, nato smo naredili skice in se vsak posebej posvetovali z mentorjem glede na\u0161e ideje, materialov, ki bi jih uporabili in izvedbe. Na delavnici smo se imeli lepo, tudi zabavno je bilo, saj je na\u0161 mentor prinesel zvo\u010dnik in smo si predvajali glasbo. Vsi smo se razumeli. Delavnice so prvi dan potekale do 17. ure.<\/p>\n<p>V petek smo z delom za\u010deli \u017ee zelo zgodaj. Z oblikovanjem svojih kipov smo nadaljevali in jih kon\u010dali do kosila. Z izdelki smo se \u0161e fotografirali, nato pa smo svoje kipe postavili na razstavo. Lara je svoj kip naredila iz lesa, jaz pa iz \u017eice, ki sem jo prepletla v dve drevesi, vmes pa sem vkomponirala \u0161e znak za mir. Izvedba obeh kipov je bila zelo zahtevna.<\/p>\n<p>Popoldne smo imeli \u0161e zaklju\u010dek kolonije z razglasitvijo najbolj\u0161ih u\u010dencev v vsaki od delavnic in skupnega zmagovalca, ki se bo v maju odpravil v Ernestinovo na Hrva\u0161ko na njihovo likovno kolonijo.<\/p>\n<p>Na kiparski koloniji sem ustvarjala \u017ee drugi\u010d in tudi tokrat sem zelo zadovoljna in vesela, da sem se lahko udele\u017eila tak\u0161nega umetni\u0161kega dogodka.<\/p>\n<p style=\"text-align: right\">Nu\u0161a Alexandra Ko\u010devar, 8. r.<\/p>\nngg_shortcode_0_placeholder\n","protected":false},"excerpt":{"rendered":"<p>V \u010detrtek, 27. in v petek, 28. marca 2025, sva se s so\u0161olko Laro udele\u017eili 18. Mednarodne kiparske kolonije mladih 2025, ki je potekala v \u010crnomlju. V \u010detrtek, na prvi dan kolonije, smo se zbrali v Ljudski univerzi ZIK v \u010crnomlju. Tam so nas razdelili v delavnice. Z Laro sva bili dodeljeni v monta\u017eno plastiko. [&hellip;]<\/p>\n","protected":false},"author":111801,"featured_media":37637,"comment_status":"closed","ping_status":"closed","sticky":false,"template":"","format":"standard","meta":{"_et_pb_use_builder":"","_et_pb_old_content":"","_et_gb_content_width":"","ngg_post_thumbnail":0,"footnotes":"","_expiration-date-status":"","_expiration-date":0,"_expiration-date-type":"","_expiration-date-categories":[],"_expiration-date-options":[]},"categories":[10],"tags":[],"class_list":["post-37610","post","type-post","status-publish","format-standard","has-post-thumbnail","hentry","category-nedavni-dogodki"],"_links":{"self":[{"href":"https:\/\/os-dragatus.splet.arnes.si\/index.php?rest_route=\/wp\/v2\/posts\/37610","targetHints":{"allow":["GET"]}}],"collection":[{"href":"https:\/\/os-dragatus.splet.arnes.si\/index.php?rest_route=\/wp\/v2\/posts"}],"about":[{"href":"https:\/\/os-dragatus.splet.arnes.si\/index.php?rest_route=\/wp\/v2\/types\/post"}],"author":[{"embeddable":true,"href":"https:\/\/os-dragatus.splet.arnes.si\/index.php?rest_route=\/wp\/v2\/users\/111801"}],"replies":[{"embeddable":true,"href":"https:\/\/os-dragatus.splet.arnes.si\/index.php?rest_route=%2Fwp%2Fv2%2Fcomments&post=37610"}],"version-history":[{"count":1,"href":"https:\/\/os-dragatus.splet.arnes.si\/index.php?rest_route=\/wp\/v2\/posts\/37610\/revisions"}],"predecessor-version":[{"id":37638,"href":"https:\/\/os-dragatus.splet.arnes.si\/index.php?rest_route=\/wp\/v2\/posts\/37610\/revisions\/37638"}],"wp:featuredmedia":[{"embeddable":true,"href":"https:\/\/os-dragatus.splet.arnes.si\/index.php?rest_route=\/wp\/v2\/media\/37637"}],"wp:attachment":[{"href":"https:\/\/os-dragatus.splet.arnes.si\/index.php?rest_route=%2Fwp%2Fv2%2Fmedia&parent=37610"}],"wp:term":[{"taxonomy":"category","embeddable":true,"href":"https:\/\/os-dragatus.splet.arnes.si\/index.php?rest_route=%2Fwp%2Fv2%2Fcategories&post=37610"},{"taxonomy":"post_tag","embeddable":true,"href":"https:\/\/os-dragatus.splet.arnes.si\/index.php?rest_route=%2Fwp%2Fv2%2Ftags&post=37610"}],"curies":[{"name":"wp","href":"https:\/\/api.w.org\/{rel}","templated":true}]}}