{"id":37574,"date":"2025-03-28T14:02:06","date_gmt":"2025-03-28T13:02:06","guid":{"rendered":"https:\/\/os-dragatus.splet.arnes.si\/?p=37574"},"modified":"2025-03-28T14:02:06","modified_gmt":"2025-03-28T13:02:06","slug":"odpikajmo-nasilje","status":"publish","type":"post","link":"https:\/\/os-dragatus.splet.arnes.si\/?p=37574","title":{"rendered":"ODPIKAJMO NASILJE"},"content":{"rendered":"<p>Od 8. 3. do 22. 3. 2025 je potekala kampanja Odpikajmo nasilje, ki je opozarjala na pomen prepre\u010devanja medvrstni\u0161kega nasilja. Kampanjo proti medvrstni\u0161kemu nasilju je vodila RTV Slovenija, Uredni\u0161tvo otro\u0161kih in mladinskih oddaj.&nbsp;<\/p>\n<p>Simbol kampanje so \u0161tiri pike, narisane na hrbtni strani dlani, ki predstavljajo \u0161tiri zaveze proti medvrstni\u0161kemu nasilju. Ko si posameznik te pike nari\u0161e na svojo dlan, se s tem zave\u017ee proti medvrstni\u0161kemu nasilju:<\/p>\n<ol>\n<li>Nasilja ne podpiram in pri njem ne sodelujem.<\/li>\n<li>Ko opazim medvrstni\u0161ko nasilje, o tem spregovorim.<\/li>\n<li>Nikogar namerno ne izklju\u010dujem, vsak je pomemben.<\/li>\n<li>Skupaj lahko odpikamo nasilje.<\/li>\n<\/ol>\n<p>V \u010dasu kampanje smo na \u0161oli spregovorili o medvrstni\u0161kem nasilju ter pripravili delavnice za u\u010dence 6. in 8. razreda. Na delavnicah smo&nbsp;\u0161e posebno pozornost dali&nbsp;na vlogo opazovalcev nasilja in u\u010dence spodbudili, da jasno in glasno povedo, da nasilja ne podpirajo.&nbsp;Z u\u010denci smo poslu\u0161ali himno kampanje Na glas in si ogledali didakti\u010dne video posnetke. U\u010denci so tudi izdelovali plakate. Ob koncu meseca bomo v \u0161oli oblikovali razstavo, kjer bodo izpostavljena stali\u0161\u010da na\u0161ih u\u010dencev do medvrstni\u0161kega nasilja.<\/p>\n<p style=\"text-align: right\">Anita Vrtin in Jo\u017eica Medve\u0161ek Grobov\u0161ek, u\u010diteljici.<\/p>\nngg_shortcode_0_placeholder\n","protected":false},"excerpt":{"rendered":"<p>Od 8. 3. do 22. 3. 2025 je potekala kampanja Odpikajmo nasilje, ki je opozarjala na pomen prepre\u010devanja medvrstni\u0161kega nasilja. Kampanjo proti medvrstni\u0161kemu nasilju je vodila RTV Slovenija, Uredni\u0161tvo otro\u0161kih in mladinskih oddaj.&nbsp; Simbol kampanje so \u0161tiri pike, narisane na hrbtni strani dlani, ki predstavljajo \u0161tiri zaveze proti medvrstni\u0161kemu nasilju. Ko si posameznik te pike [&hellip;]<\/p>\n","protected":false},"author":111801,"featured_media":37583,"comment_status":"closed","ping_status":"closed","sticky":false,"template":"","format":"standard","meta":{"_et_pb_use_builder":"","_et_pb_old_content":"","_et_gb_content_width":"","ngg_post_thumbnail":0,"footnotes":"","_expiration-date-status":"","_expiration-date":0,"_expiration-date-type":"","_expiration-date-categories":[],"_expiration-date-options":[]},"categories":[10],"tags":[],"class_list":["post-37574","post","type-post","status-publish","format-standard","has-post-thumbnail","hentry","category-nedavni-dogodki"],"_links":{"self":[{"href":"https:\/\/os-dragatus.splet.arnes.si\/index.php?rest_route=\/wp\/v2\/posts\/37574","targetHints":{"allow":["GET"]}}],"collection":[{"href":"https:\/\/os-dragatus.splet.arnes.si\/index.php?rest_route=\/wp\/v2\/posts"}],"about":[{"href":"https:\/\/os-dragatus.splet.arnes.si\/index.php?rest_route=\/wp\/v2\/types\/post"}],"author":[{"embeddable":true,"href":"https:\/\/os-dragatus.splet.arnes.si\/index.php?rest_route=\/wp\/v2\/users\/111801"}],"replies":[{"embeddable":true,"href":"https:\/\/os-dragatus.splet.arnes.si\/index.php?rest_route=%2Fwp%2Fv2%2Fcomments&post=37574"}],"version-history":[{"count":1,"href":"https:\/\/os-dragatus.splet.arnes.si\/index.php?rest_route=\/wp\/v2\/posts\/37574\/revisions"}],"predecessor-version":[{"id":37584,"href":"https:\/\/os-dragatus.splet.arnes.si\/index.php?rest_route=\/wp\/v2\/posts\/37574\/revisions\/37584"}],"wp:featuredmedia":[{"embeddable":true,"href":"https:\/\/os-dragatus.splet.arnes.si\/index.php?rest_route=\/wp\/v2\/media\/37583"}],"wp:attachment":[{"href":"https:\/\/os-dragatus.splet.arnes.si\/index.php?rest_route=%2Fwp%2Fv2%2Fmedia&parent=37574"}],"wp:term":[{"taxonomy":"category","embeddable":true,"href":"https:\/\/os-dragatus.splet.arnes.si\/index.php?rest_route=%2Fwp%2Fv2%2Fcategories&post=37574"},{"taxonomy":"post_tag","embeddable":true,"href":"https:\/\/os-dragatus.splet.arnes.si\/index.php?rest_route=%2Fwp%2Fv2%2Ftags&post=37574"}],"curies":[{"name":"wp","href":"https:\/\/api.w.org\/{rel}","templated":true}]}}