{"id":37186,"date":"2025-03-03T07:38:08","date_gmt":"2025-03-03T06:38:08","guid":{"rendered":"https:\/\/os-dragatus.splet.arnes.si\/?p=37186"},"modified":"2025-03-03T07:38:08","modified_gmt":"2025-03-03T06:38:08","slug":"otvoritev-razstave-43-slikarskega-ex-tempora-mladih-likovnikov-bele-krajine-povabi-barve-v-srce","status":"publish","type":"post","link":"https:\/\/os-dragatus.splet.arnes.si\/?p=37186","title":{"rendered":"Otvoritev razstave 43. slikarskega ex tempora mladih likovnikov Bele krajine \u2013 Povabi barve v srce"},"content":{"rendered":"<p>V \u010detrtek, 13. februarja 2025, smo se mladi likovniki, na\u0161i mentorji in star\u0161i, udele\u017eili razstave slik 43. slikarskega ex tempora mladih likovnikov Bele krajine z naslovom \u00bbPovabi barve v srce\u00ab. Razstava je potekala v Domu starej\u0161ih ob\u010danov Metlika, kjer so za nas organizatorji pripravili manj\u0161o prireditev, kjer smo sli\u0161ali tako mnogo uvodnih besed, kot tudi \u010dudoviti zvok flavte. Na podelitvi smo likovniki prejeli priznanja in se z njimi tudi fotografirali.<\/p>\n<p>Po podelitvi nas je osebje doma dobro pogostilo. Nato smo si ogledali slike, ki so bile razstavljene po prostorih doma. Po dolgem iskanju med vsemi umetninami, ki so visele po stenah hodnikov, smo na\u0161li tudi svoja ustvarjena dela in se pri njih fotografirali. \u010cudovite slike bodo lahko \u0161e dolgo ob\u010dudovali vsi, ki \u017eivijo in delajo v domu, saj bodo na\u0161e umetnine tam tudi ostale.<\/p>\n<p>Bila je nepozabna izku\u0161nja, ki mi je popestrila de\u017eevno popoldne.<\/p>\n<p style=\"text-align: right\">David Kopa\u010d, 9. r.<\/p>\nngg_shortcode_0_placeholder\n","protected":false},"excerpt":{"rendered":"<p>V \u010detrtek, 13. februarja 2025, smo se mladi likovniki, na\u0161i mentorji in star\u0161i, udele\u017eili razstave slik 43. slikarskega ex tempora mladih likovnikov Bele krajine z naslovom \u00bbPovabi barve v srce\u00ab. Razstava je potekala v Domu starej\u0161ih ob\u010danov Metlika, kjer so za nas organizatorji pripravili manj\u0161o prireditev, kjer smo sli\u0161ali tako mnogo uvodnih besed, kot tudi [&hellip;]<\/p>\n","protected":false},"author":111801,"featured_media":37206,"comment_status":"closed","ping_status":"closed","sticky":false,"template":"","format":"standard","meta":{"_et_pb_use_builder":"","_et_pb_old_content":"","_et_gb_content_width":"","ngg_post_thumbnail":0,"footnotes":"","_expiration-date-status":"","_expiration-date":0,"_expiration-date-type":"","_expiration-date-categories":[],"_expiration-date-options":[]},"categories":[10],"tags":[],"class_list":["post-37186","post","type-post","status-publish","format-standard","has-post-thumbnail","hentry","category-nedavni-dogodki"],"_links":{"self":[{"href":"https:\/\/os-dragatus.splet.arnes.si\/index.php?rest_route=\/wp\/v2\/posts\/37186","targetHints":{"allow":["GET"]}}],"collection":[{"href":"https:\/\/os-dragatus.splet.arnes.si\/index.php?rest_route=\/wp\/v2\/posts"}],"about":[{"href":"https:\/\/os-dragatus.splet.arnes.si\/index.php?rest_route=\/wp\/v2\/types\/post"}],"author":[{"embeddable":true,"href":"https:\/\/os-dragatus.splet.arnes.si\/index.php?rest_route=\/wp\/v2\/users\/111801"}],"replies":[{"embeddable":true,"href":"https:\/\/os-dragatus.splet.arnes.si\/index.php?rest_route=%2Fwp%2Fv2%2Fcomments&post=37186"}],"version-history":[{"count":1,"href":"https:\/\/os-dragatus.splet.arnes.si\/index.php?rest_route=\/wp\/v2\/posts\/37186\/revisions"}],"predecessor-version":[{"id":37207,"href":"https:\/\/os-dragatus.splet.arnes.si\/index.php?rest_route=\/wp\/v2\/posts\/37186\/revisions\/37207"}],"wp:featuredmedia":[{"embeddable":true,"href":"https:\/\/os-dragatus.splet.arnes.si\/index.php?rest_route=\/wp\/v2\/media\/37206"}],"wp:attachment":[{"href":"https:\/\/os-dragatus.splet.arnes.si\/index.php?rest_route=%2Fwp%2Fv2%2Fmedia&parent=37186"}],"wp:term":[{"taxonomy":"category","embeddable":true,"href":"https:\/\/os-dragatus.splet.arnes.si\/index.php?rest_route=%2Fwp%2Fv2%2Fcategories&post=37186"},{"taxonomy":"post_tag","embeddable":true,"href":"https:\/\/os-dragatus.splet.arnes.si\/index.php?rest_route=%2Fwp%2Fv2%2Ftags&post=37186"}],"curies":[{"name":"wp","href":"https:\/\/api.w.org\/{rel}","templated":true}]}}