{"id":37105,"date":"2025-02-12T14:23:23","date_gmt":"2025-02-12T13:23:23","guid":{"rendered":"https:\/\/os-dragatus.splet.arnes.si\/?p=37105"},"modified":"2025-02-12T14:23:40","modified_gmt":"2025-02-12T13:23:40","slug":"projekt-krokus-3","status":"publish","type":"post","link":"https:\/\/os-dragatus.splet.arnes.si\/?p=37105","title":{"rendered":"Projekt Krokus"},"content":{"rendered":"<p>Tudi v \u0161olskem letu 2024\/2025 nadaljujemo s sodelovanjem v <strong>projektu Krokus<\/strong>, v katerega smo ponovno vklju\u010dili u\u010dence 9. razreda. Cilj projekta je na primeren na\u010din seznaniti mlade s holokavstom ter jih ozave\u0161\u010dati o nevarnostih rasizma in diskriminacije. V sklopu projekta smo v spomin na 1,5 milijona judovskih otrok, ki so&nbsp; umrlih v holokavstu in v spomin na tiso\u010de drugih otrok, ki so bili \u017ertve nacisti\u010dnih grozodejstev jeseni 2024 z u\u010denci na \u0161olskem vrtu posadili <strong>\u010debulice rumenega \u017eafrana.<\/strong> Rumeni cvetovi spominjajo na rumene Davidove zvezde, ki so jih bili Judje prisiljeni nositi v \u010dasu nacisti\u010dne vladavine. Krokus bo zacvetel ravno te dni.<\/p>\n<p><strong>27. januar je svetovni dan spomina na \u017ertve holokavsta<\/strong>, zato smo pri urah zgodovine v zadnjem tednu januarja obele\u017eili ta spominski dan. To izredno te\u017eko temo sem \u017eelela u\u010dencem pribli\u017eati skozi zgodovinski film. Namre\u010d film omogo\u010da la\u017eje v\u017eivljanje u\u010dencev v \u017eivljenje ljudi, pri u\u010dencih razvija empatijo in so\u010dutje do ljudi, ki so bile \u017ertve holokavsta, je nazoren prikaz tedanjega \u010dasa. Poleg tega pa u\u010ditelj mora opozoriti u\u010dence, da zgodovinske filme dojemajo kot zgodovinske vire, ki pa jih morajo kriti\u010dno analizirati in ovrednotiti. Ogled zgodovinskega filma daje u\u010dencem veliko prilo\u017enosti za razmislek, kako bi lahko bilo kaj druga\u010de in kaj bi morali storiti, da se nekaj ne bi ponovilo.<\/p>\n<p>Izbrala sem <strong>film Pianist<\/strong>, ki smo si ga ogledali skupaj z u\u010denci v 2 \u0161olskih urah. Namre\u010d nismo si ogledali v celoti filma, izbrala sem dolo\u010dene odlomke. A vseeno je bilo prikazane dovolj vsebine v filmu, da so lahko u\u010denci naredili oceno filma. Po vsakem pomembnej\u0161em odlomku v filmu, sem film zaustavila in se z u\u010denci pogovorila, u\u010denci pa so si vmes zapisovali povzetek filma. Z u\u010denci smo skupaj pripravili tudi kriterije uspe\u0161nosti za oceno filma. Doma so napisali oceno filma in v \u0161oli smo nekatere ocene filma prebrali. Z u\u010denci smo naredili tudi plakat, ki smo ga razstavili na \u0161olskem hodniku.<\/p>\n<p>Tema holokavsta se jih je zelo dotaknila. Pogovarjali smo se tudi o zlo\u010dinih \u010dlove\u0161tva, ki se \u0161e danes dogajajo po svetu in skupaj sklenili, da se ljudje prav ni\u010d nismo nau\u010dili iz preteklosti.<\/p>\n<p style=\"text-align: right\">Anita Vrtin, koordinatorica projekta<\/p>\nngg_shortcode_0_placeholder\n","protected":false},"excerpt":{"rendered":"<p>Tudi v \u0161olskem letu 2024\/2025 nadaljujemo s sodelovanjem v projektu Krokus, v katerega smo ponovno vklju\u010dili u\u010dence 9. razreda. Cilj projekta je na primeren na\u010din seznaniti mlade s holokavstom ter jih ozave\u0161\u010dati o nevarnostih rasizma in diskriminacije. V sklopu projekta smo v spomin na 1,5 milijona judovskih otrok, ki so&nbsp; umrlih v holokavstu in v [&hellip;]<\/p>\n","protected":false},"author":111801,"featured_media":37118,"comment_status":"closed","ping_status":"closed","sticky":false,"template":"","format":"standard","meta":{"_et_pb_use_builder":"","_et_pb_old_content":"","_et_gb_content_width":"","ngg_post_thumbnail":0,"footnotes":"","_expiration-date-status":"","_expiration-date":0,"_expiration-date-type":"","_expiration-date-categories":[],"_expiration-date-options":[]},"categories":[10],"tags":[],"class_list":["post-37105","post","type-post","status-publish","format-standard","has-post-thumbnail","hentry","category-nedavni-dogodki"],"_links":{"self":[{"href":"https:\/\/os-dragatus.splet.arnes.si\/index.php?rest_route=\/wp\/v2\/posts\/37105","targetHints":{"allow":["GET"]}}],"collection":[{"href":"https:\/\/os-dragatus.splet.arnes.si\/index.php?rest_route=\/wp\/v2\/posts"}],"about":[{"href":"https:\/\/os-dragatus.splet.arnes.si\/index.php?rest_route=\/wp\/v2\/types\/post"}],"author":[{"embeddable":true,"href":"https:\/\/os-dragatus.splet.arnes.si\/index.php?rest_route=\/wp\/v2\/users\/111801"}],"replies":[{"embeddable":true,"href":"https:\/\/os-dragatus.splet.arnes.si\/index.php?rest_route=%2Fwp%2Fv2%2Fcomments&post=37105"}],"version-history":[{"count":2,"href":"https:\/\/os-dragatus.splet.arnes.si\/index.php?rest_route=\/wp\/v2\/posts\/37105\/revisions"}],"predecessor-version":[{"id":37120,"href":"https:\/\/os-dragatus.splet.arnes.si\/index.php?rest_route=\/wp\/v2\/posts\/37105\/revisions\/37120"}],"wp:featuredmedia":[{"embeddable":true,"href":"https:\/\/os-dragatus.splet.arnes.si\/index.php?rest_route=\/wp\/v2\/media\/37118"}],"wp:attachment":[{"href":"https:\/\/os-dragatus.splet.arnes.si\/index.php?rest_route=%2Fwp%2Fv2%2Fmedia&parent=37105"}],"wp:term":[{"taxonomy":"category","embeddable":true,"href":"https:\/\/os-dragatus.splet.arnes.si\/index.php?rest_route=%2Fwp%2Fv2%2Fcategories&post=37105"},{"taxonomy":"post_tag","embeddable":true,"href":"https:\/\/os-dragatus.splet.arnes.si\/index.php?rest_route=%2Fwp%2Fv2%2Ftags&post=37105"}],"curies":[{"name":"wp","href":"https:\/\/api.w.org\/{rel}","templated":true}]}}