{"id":37066,"date":"2025-02-11T11:38:32","date_gmt":"2025-02-11T10:38:32","guid":{"rendered":"https:\/\/os-dragatus.splet.arnes.si\/?p=37066"},"modified":"2025-02-24T12:13:11","modified_gmt":"2025-02-24T11:13:11","slug":"prireditev-ob-presernovem-dnevu","status":"publish","type":"post","link":"https:\/\/os-dragatus.splet.arnes.si\/?p=37066","title":{"rendered":"Prireditev ob Pre\u0161ernovem dnevu"},"content":{"rendered":"<p>V petek, 7. 2. 2025, je v telovadnici O\u0160 Dragatu\u0161 potekala prireditev ob Pre\u0161ernovem dnevu.<\/p>\n<p>U\u010denci in u\u010ditelji smo pripravili pester program, v katerem smo s pesmijo, besedo in ustvarjalnostjo po\u010dastili Pre\u0161ernovo zapu\u0161\u010dino.<\/p>\n<p>Kot se spodobi, smo prireditev pri\u010deli s slovensko himno. Zapeli smo jo u\u010denci mladinskega pevskega zbora, kateremu se je pridru\u017eilo tudi nekaj u\u010diteljic. Nato so nam u\u010denci 1. in 2. razreda povedali, kaj pomeni biti kulturen ter kdo sploh je France Pre\u0161eren.<\/p>\n<p>Lovro Matkovi\u010d, u\u010denec 4. razreda, nas je s svojim igranjem na tamburico popeljal v svet glasbe. Zaigral je pesem Abraham &#8216;ma sedem sinov.<\/p>\n<p>Naslednje nastopajo\u010de so bile Nina, Evita in Nadja, u\u010denke 5. razreda, ki so plesale na Shakirino pesem Waka waka.<\/p>\n<p>Za njimi sta oder zavzela Rebeka in David Kopa\u010d, u\u010denca 6. in 9. razreda. Na klarinet in pozavno sta zaigrala pesem Pink panter. Nia Stara\u0161ini\u010d, u\u010denka 9. razreda, pa je recitirala Pre\u0161ernovo pesem O, Vrba.<\/p>\n<p>Sledila je pesem Aquarium, ki jo je na francoski rog zaigral David Migali\u010d. Potem je na odru zablestel Aleksander Vrtin s harmoniko. Zaigral je pesem Veseli Rib&#8217;n\u010dan (oba u\u010denca obiskujeta 4. r.).<\/p>\n<p>Ko je na odru u\u010diteljica Ivanka \u0160u\u0161tari\u010d recitirala pesem Apel in \u010devljar, je bilo vsem jasno, da v tej pesmi Pre\u0161eren sporo\u010dil, da naj vsak \u010dlovek kritizira delo, na katerega se spozna.<\/p>\n<p>Pevska skupina Krnica se je predstavila s pesmijo Spomladi vse se veseli. Spremljal nas je zvok \u010dudovitega ljudskega instrumenta oprekelj, na katerega je zaigrala u\u010diteljica Mojca Pavlini\u010d.<\/p>\n<p>Na oder pa je za tem pri\u0161la u\u010diteljica Sabina Luke\u017ei\u010d in nam res do\u017eiveto predstavila pesem o sodobnem Povodnem mo\u017eu, ki jo je napisal Andrej Rozman \u2013 Roza.<\/p>\n<p>U\u010diteljica Anita Vrtin je ob spremljavi Izabele Stjepanovi\u010d, ki je zaigrala na klavir, recitirala pesem Nekaj ti moram povedati.<\/p>\n<p>Kot zadnja pa je na oder stopila Neja Fink, u\u010denka 8. razreda, ki nam je zarapala o <a href=\"https:\/\/video.arnes.si\/watch\/96p5vs9myglt\">Pre\u0161ernovem \u017eivljenju<\/a>.<\/p>\n<p>Ker je bila to zelo pomembna prireditev, je program povezovalo kar pet u\u010dencev: Nadja Jesih (4.r.), Nadja Fink in Tja\u0161a Puhek (5.r.), Neja Daj\u010dman in Lovro Vuk (6.r.).<\/p>\n<p style=\"text-align: right\">Neja &nbsp;(8. r.) in Nadja Fink (5. r.)<\/p>\nngg_shortcode_0_placeholder\n","protected":false},"excerpt":{"rendered":"<p>V petek, 7. 2. 2025, je v telovadnici O\u0160 Dragatu\u0161 potekala prireditev ob Pre\u0161ernovem dnevu. U\u010denci in u\u010ditelji smo pripravili pester program, v katerem smo s pesmijo, besedo in ustvarjalnostjo po\u010dastili Pre\u0161ernovo zapu\u0161\u010dino. Kot se spodobi, smo prireditev pri\u010deli s slovensko himno. Zapeli smo jo u\u010denci mladinskega pevskega zbora, kateremu se je pridru\u017eilo tudi nekaj [&hellip;]<\/p>\n","protected":false},"author":111801,"featured_media":37103,"comment_status":"closed","ping_status":"closed","sticky":false,"template":"","format":"standard","meta":{"_et_pb_use_builder":"","_et_pb_old_content":"","_et_gb_content_width":"","ngg_post_thumbnail":0,"footnotes":"","_expiration-date-status":"","_expiration-date":0,"_expiration-date-type":"","_expiration-date-categories":[],"_expiration-date-options":[]},"categories":[10],"tags":[],"class_list":["post-37066","post","type-post","status-publish","format-standard","has-post-thumbnail","hentry","category-nedavni-dogodki"],"_links":{"self":[{"href":"https:\/\/os-dragatus.splet.arnes.si\/index.php?rest_route=\/wp\/v2\/posts\/37066","targetHints":{"allow":["GET"]}}],"collection":[{"href":"https:\/\/os-dragatus.splet.arnes.si\/index.php?rest_route=\/wp\/v2\/posts"}],"about":[{"href":"https:\/\/os-dragatus.splet.arnes.si\/index.php?rest_route=\/wp\/v2\/types\/post"}],"author":[{"embeddable":true,"href":"https:\/\/os-dragatus.splet.arnes.si\/index.php?rest_route=\/wp\/v2\/users\/111801"}],"replies":[{"embeddable":true,"href":"https:\/\/os-dragatus.splet.arnes.si\/index.php?rest_route=%2Fwp%2Fv2%2Fcomments&post=37066"}],"version-history":[{"count":2,"href":"https:\/\/os-dragatus.splet.arnes.si\/index.php?rest_route=\/wp\/v2\/posts\/37066\/revisions"}],"predecessor-version":[{"id":37174,"href":"https:\/\/os-dragatus.splet.arnes.si\/index.php?rest_route=\/wp\/v2\/posts\/37066\/revisions\/37174"}],"wp:featuredmedia":[{"embeddable":true,"href":"https:\/\/os-dragatus.splet.arnes.si\/index.php?rest_route=\/wp\/v2\/media\/37103"}],"wp:attachment":[{"href":"https:\/\/os-dragatus.splet.arnes.si\/index.php?rest_route=%2Fwp%2Fv2%2Fmedia&parent=37066"}],"wp:term":[{"taxonomy":"category","embeddable":true,"href":"https:\/\/os-dragatus.splet.arnes.si\/index.php?rest_route=%2Fwp%2Fv2%2Fcategories&post=37066"},{"taxonomy":"post_tag","embeddable":true,"href":"https:\/\/os-dragatus.splet.arnes.si\/index.php?rest_route=%2Fwp%2Fv2%2Ftags&post=37066"}],"curies":[{"name":"wp","href":"https:\/\/api.w.org\/{rel}","templated":true}]}}