{"id":36921,"date":"2025-01-22T14:27:40","date_gmt":"2025-01-22T13:27:40","guid":{"rendered":"https:\/\/os-dragatus.splet.arnes.si\/?p=36921"},"modified":"2025-01-24T13:26:30","modified_gmt":"2025-01-24T12:26:30","slug":"porocilo-sportnega-dne-pohod","status":"publish","type":"post","link":"https:\/\/os-dragatus.splet.arnes.si\/?p=36921","title":{"rendered":"PORO\u010cILO \u0160PORTNEGA DNE &#8211; POHOD"},"content":{"rendered":"<p>V ponedeljek, 20. 1. 2025, smo imeli u\u010denci 4.-9. r. \u0161portni dan. Nekaj jih je \u0161lo smu\u010dat na Ga\u010de, drugi pa smo imeli pohod.<\/p>\n<p>Po malici smo pot za\u010deli izpred \u0161ole in se odpravili proti Podlogu. Od tam smo bili sicer namenjeni proti Brdarcem in \u010cre\u0161njevcu, a smo zavili \u017ee prej na stezo, ki nas je pripeljala tik pod vasjo \u0160ipek, kjer smo prispeli do izvira, imenovanega Topli\u010dica. Temperatura vode je bila okrog 18 \u00a8C. Neko\u010d so ta izvir s pridom uporabljali, danes pa temu ni ve\u010d tako. Bili smo presene\u010deni nad tako visoko temperaturo vode.<\/p>\n<p>Sledili smo na\u0161emu \u00bbvodi\u010du\u00ab in pri\u0161li mimo Pustega Gradca (na drugo stran vode), kjer smo se morali prebiti skozi gosto vejevje. Na koncu smo le pri\u0161li do \u010cre\u0161njevca, kjer smo imeli postanek in malo pomalicali. Pot smo nato nadaljevali do Male Lahinje, kjer smo zajeli nekaj veder vode iz Lahinje. Sprehodili smo se po krajinskem parku in se odpravili proti \u0161oli.<\/p>\n<p>Pot je bila ravno prav\u0161nja, vreme tudi in ob prihodu v \u0161olo smo bili \u017ee kar utrujeni. Od\u0161li smo na kosilo in s prevozom domov.<\/p>\n<p style=\"text-align: right\">U\u010denci 4. r.<\/p>\n<p>&#8212;<\/p>\n<p>V ponedeljek, 20. 1. 2025, smo imeli u\u010denci od 4. do 8. razreda zimski \u0161portni dan. Ve\u010dina mlaj\u0161ih u\u010dencev, pa tudi starej\u0161ih se je odlo\u010dila za pohod v okolici \u0161ole. U\u010denci, ki pa znamo smu\u010dati, pa smo se odpravili na smu\u010di\u0161\u010de na Ga\u010de. Tam smo se najprej na parkiri\u0161\u010du oblekli\/pripravili za smu\u010danje in prevzeli karte. Nato smo se pe\u0161 odpravili do urejene proge in se najprej ogreli, kar je pripomoglo, da smo la\u017eje in brez ve\u010djih po\u0161kodb nadaljevali \u0161portni dan. Med tem, so se drugi u\u010denci pe\u0161 odpravili v smeri Podloga in nato v sosednje vasi po gozdnih poteh. Smu\u010darji smo nadaljevali s preizku\u0161anjem ve\u0161\u010din na smu\u010deh in se razdelili v skupine. Nekaj \u010dasa smo smu\u010dali z u\u010ditelji, da smo zopet nazaj pridobili ob\u010dutek na smu\u010deh, kasneje pa smo lahko smu\u010dali tudi brez u\u010diteljev v dvojicah\/trojicah na sede\u017enici. V tem \u010dasu so pohodniki hodili po makadamskih poteh in se okoli 12. ure vrnili v \u0161olo. Smu\u010darji pa smo se za konec spustili \u0161e do parkiri\u0161\u010da oz. nekateri so \u0161li pe\u0161 in tako zaklju\u010dili skupni smu\u010darski dan. V \u0161olo smo prispeli okoli 13. ure, izlo\u017eili smu\u010di in ostalo prtljago ter se odpravili na kosilo ali pa od\u0161li domov.<\/p>\n<p>Dan smo pre\u017eiveli zelo lepo v zimski idili.<\/p>\n<p style=\"text-align: right\">Manca Te\u017eak, Tamara \u0160a\u0161ek Garantini, 7.r.<\/p>\n<p>ngg_shortcode_0_placeholderngg_shortcode_1_placeholder<\/p>\n","protected":false},"excerpt":{"rendered":"<p>V ponedeljek, 20. 1. 2025, smo imeli u\u010denci 4.-9. r. \u0161portni dan. Nekaj jih je \u0161lo smu\u010dat na Ga\u010de, drugi pa smo imeli pohod. Po malici smo pot za\u010deli izpred \u0161ole in se odpravili proti Podlogu. Od tam smo bili sicer namenjeni proti Brdarcem in \u010cre\u0161njevcu, a smo zavili \u017ee prej na stezo, ki nas [&hellip;]<\/p>\n","protected":false},"author":111801,"featured_media":36949,"comment_status":"closed","ping_status":"closed","sticky":false,"template":"","format":"standard","meta":{"_et_pb_use_builder":"","_et_pb_old_content":"","_et_gb_content_width":"","ngg_post_thumbnail":0,"footnotes":"","_expiration-date-status":"","_expiration-date":0,"_expiration-date-type":"","_expiration-date-categories":[],"_expiration-date-options":[]},"categories":[10],"tags":[],"class_list":["post-36921","post","type-post","status-publish","format-standard","has-post-thumbnail","hentry","category-nedavni-dogodki"],"_links":{"self":[{"href":"https:\/\/os-dragatus.splet.arnes.si\/index.php?rest_route=\/wp\/v2\/posts\/36921","targetHints":{"allow":["GET"]}}],"collection":[{"href":"https:\/\/os-dragatus.splet.arnes.si\/index.php?rest_route=\/wp\/v2\/posts"}],"about":[{"href":"https:\/\/os-dragatus.splet.arnes.si\/index.php?rest_route=\/wp\/v2\/types\/post"}],"author":[{"embeddable":true,"href":"https:\/\/os-dragatus.splet.arnes.si\/index.php?rest_route=\/wp\/v2\/users\/111801"}],"replies":[{"embeddable":true,"href":"https:\/\/os-dragatus.splet.arnes.si\/index.php?rest_route=%2Fwp%2Fv2%2Fcomments&post=36921"}],"version-history":[{"count":2,"href":"https:\/\/os-dragatus.splet.arnes.si\/index.php?rest_route=\/wp\/v2\/posts\/36921\/revisions"}],"predecessor-version":[{"id":36984,"href":"https:\/\/os-dragatus.splet.arnes.si\/index.php?rest_route=\/wp\/v2\/posts\/36921\/revisions\/36984"}],"wp:featuredmedia":[{"embeddable":true,"href":"https:\/\/os-dragatus.splet.arnes.si\/index.php?rest_route=\/wp\/v2\/media\/36949"}],"wp:attachment":[{"href":"https:\/\/os-dragatus.splet.arnes.si\/index.php?rest_route=%2Fwp%2Fv2%2Fmedia&parent=36921"}],"wp:term":[{"taxonomy":"category","embeddable":true,"href":"https:\/\/os-dragatus.splet.arnes.si\/index.php?rest_route=%2Fwp%2Fv2%2Fcategories&post=36921"},{"taxonomy":"post_tag","embeddable":true,"href":"https:\/\/os-dragatus.splet.arnes.si\/index.php?rest_route=%2Fwp%2Fv2%2Ftags&post=36921"}],"curies":[{"name":"wp","href":"https:\/\/api.w.org\/{rel}","templated":true}]}}