{"id":36907,"date":"2025-01-20T11:02:52","date_gmt":"2025-01-20T10:02:52","guid":{"rendered":"https:\/\/os-dragatus.splet.arnes.si\/?p=36907"},"modified":"2025-01-21T11:11:36","modified_gmt":"2025-01-21T10:11:36","slug":"nastop-pevske-skupine-krnica-v-semicu","status":"publish","type":"post","link":"https:\/\/os-dragatus.splet.arnes.si\/?p=36907","title":{"rendered":"Nastop Pevske skupine Krnica v Semi\u010du"},"content":{"rendered":"<p>V petek, 16. 1. 2025, smo Pevska skupina Krnica, pod mentorstvom u\u010diteljice Mojce Pavlini\u010d nastopile na otvoritvi razstave KUD Artoteka Bela krajina v KC Semi\u010d. Ob 17. uri smo se nastopajo\u010di zbrali pred \u0161olo in se z avtobusom odpeljali v Semi\u010d. Na razstavi so bile tudi slike&nbsp; u\u010denk na\u0161e \u0161ole. Z nami so nastopile tudi u\u010diteljice Sabina, Maja ter Robertina. Pred nastopom smo na kratko ponovile na\u0161e pesmi. Nato se je \u017ee za\u010dela otvoritev razstave. Na za\u010detku, preden smo nastopile, sta u\u010denki Nadja in Evita na kratko predstavile na\u0161o pevsko skupino. Nato smo zapele eno pesem. Med razstavo smo zapele \u0161e dve pesmi. Program ter celotna razstava sta bili zanimivi in lepi. Na koncu je sledila \u0161e kratka pogostitev s poga\u010do in \u0161trudljem.<\/p>\n<p>Bilo je zelo lepo.<\/p>\n<p style=\"text-align: right\">Sara Puhek, 5. r.<\/p>\n<p>ngg_shortcode_0_placeholder<div contenteditable=\"false\" class=\"arnesvideo-iframe-container\"><iframe data-customwidth=\"100%\" loading=\"lazy\" class=\"arnesvideo-iframe\" data-aviframe=\"1\" data-resize=\"1\" frameborder=\"0\" allowfullscreen=\"\" mozallowfullscreen=\"\" webkitallowfullscreen=\"\" src=\"https:\/\/video.arnes.si\/embed\/tct7s7v62yx5\"><\/iframe><\/div><br \/>\n<div contenteditable=\"false\" class=\"arnesvideo-iframe-container\"><iframe data-customwidth=\"100%\" loading=\"lazy\" class=\"arnesvideo-iframe\" data-aviframe=\"1\" data-resize=\"1\" frameborder=\"0\" allowfullscreen=\"\" mozallowfullscreen=\"\" webkitallowfullscreen=\"\" src=\"https:\/\/video.arnes.si\/embed\/052k1j2jd3bl\"><\/iframe><\/div>&nbsp;<\/p>\n<p>&nbsp;<\/p>\n","protected":false},"excerpt":{"rendered":"<p>V petek, 16. 1. 2025, smo Pevska skupina Krnica, pod mentorstvom u\u010diteljice Mojce Pavlini\u010d nastopile na otvoritvi razstave KUD Artoteka Bela krajina v KC Semi\u010d. Ob 17. uri smo se nastopajo\u010di zbrali pred \u0161olo in se z avtobusom odpeljali v Semi\u010d. Na razstavi so bile tudi slike&nbsp; u\u010denk na\u0161e \u0161ole. Z nami so nastopile tudi [&hellip;]<\/p>\n","protected":false},"author":111801,"featured_media":36916,"comment_status":"closed","ping_status":"closed","sticky":false,"template":"","format":"standard","meta":{"_et_pb_use_builder":"","_et_pb_old_content":"","_et_gb_content_width":"","ngg_post_thumbnail":0,"footnotes":"","_expiration-date-status":"","_expiration-date":0,"_expiration-date-type":"","_expiration-date-categories":[],"_expiration-date-options":[]},"categories":[10],"tags":[],"class_list":["post-36907","post","type-post","status-publish","format-standard","has-post-thumbnail","hentry","category-nedavni-dogodki"],"_links":{"self":[{"href":"https:\/\/os-dragatus.splet.arnes.si\/index.php?rest_route=\/wp\/v2\/posts\/36907","targetHints":{"allow":["GET"]}}],"collection":[{"href":"https:\/\/os-dragatus.splet.arnes.si\/index.php?rest_route=\/wp\/v2\/posts"}],"about":[{"href":"https:\/\/os-dragatus.splet.arnes.si\/index.php?rest_route=\/wp\/v2\/types\/post"}],"author":[{"embeddable":true,"href":"https:\/\/os-dragatus.splet.arnes.si\/index.php?rest_route=\/wp\/v2\/users\/111801"}],"replies":[{"embeddable":true,"href":"https:\/\/os-dragatus.splet.arnes.si\/index.php?rest_route=%2Fwp%2Fv2%2Fcomments&post=36907"}],"version-history":[{"count":3,"href":"https:\/\/os-dragatus.splet.arnes.si\/index.php?rest_route=\/wp\/v2\/posts\/36907\/revisions"}],"predecessor-version":[{"id":36919,"href":"https:\/\/os-dragatus.splet.arnes.si\/index.php?rest_route=\/wp\/v2\/posts\/36907\/revisions\/36919"}],"wp:featuredmedia":[{"embeddable":true,"href":"https:\/\/os-dragatus.splet.arnes.si\/index.php?rest_route=\/wp\/v2\/media\/36916"}],"wp:attachment":[{"href":"https:\/\/os-dragatus.splet.arnes.si\/index.php?rest_route=%2Fwp%2Fv2%2Fmedia&parent=36907"}],"wp:term":[{"taxonomy":"category","embeddable":true,"href":"https:\/\/os-dragatus.splet.arnes.si\/index.php?rest_route=%2Fwp%2Fv2%2Fcategories&post=36907"},{"taxonomy":"post_tag","embeddable":true,"href":"https:\/\/os-dragatus.splet.arnes.si\/index.php?rest_route=%2Fwp%2Fv2%2Ftags&post=36907"}],"curies":[{"name":"wp","href":"https:\/\/api.w.org\/{rel}","templated":true}]}}