{"id":36484,"date":"2024-11-27T15:03:47","date_gmt":"2024-11-27T14:03:47","guid":{"rendered":"https:\/\/os-dragatus.splet.arnes.si\/?p=36484"},"modified":"2024-11-27T15:03:47","modified_gmt":"2024-11-27T14:03:47","slug":"mednarodni-dan-strpnosti-dan-za-strpnost-in-prijateljstvo-bodi-spremeba-ki-si-jo-zelis-videti-v-svetu","status":"publish","type":"post","link":"https:\/\/os-dragatus.splet.arnes.si\/?p=36484","title":{"rendered":"Mednarodni dan strpnosti \u2013 dan za strpnost in prijateljstvo: BODI SPREMEBA, KI SI JO \u017dELI\u0160 VIDETI V SVETU"},"content":{"rendered":"<p>Dru\u0161tvo za strpne odnose Eksena in izobra\u017eevalni center Eksena sta na\u0161o \u0161olo povabila k sodelovanju v edinstvenem nepridobitnem \u010dlovekoljubnem projektu Mednarodni dan strpnosti \u2013 dan za strpnost in prijateljstvo, ki letos poteka jubilejno 10. leto. Tema leto\u0161njega projekta je BODI SPREMEBA, KI SI JO \u017dELI\u0160 VIDETI V SVETU. Namen projekta je ozave\u0161\u010danje otrok in mladih o razli\u010dnih oblikah nestrpnosti in spodbujanje strpnosti, medsebojnega spo\u0161tovanja, razumevanja, prijateljstva in sodelovanja.<\/p>\n<p>Na O\u0160 Dragatu\u0161 smo se vabilu odzvali tako, da smo v <strong>tednu mednarodnega dneva strpnosti, ki ga obele\u017eujemo 16. novembra, z u\u010denci od 6. do 8. razreda izvedli izobra\u017eevalno-ustvarjalne delavnice<\/strong>. Na delavnicah smo se&nbsp; z u\u010denci pogovarjali o pomenu strpnosti in izpostavil problematiko nestrpnosti. Glavni poudarek delavnic je bil namenjen temu, kaj lahko vsak posameznik naredi, da bi imeli strpnej\u0161e odnose. Z u\u010denci smo se postavili pred ogledalo in nato je vsak, ki se je pogledal v ogledalo povedal, kaj bi lahko on naredil, da bi imeli&nbsp; strpnej\u0161e odnose tako v razredu, kot tudi doma, med prijatelji in v dru\u017ebi. Odgovore u\u010dencev smo zapisali na tablo. Na delavnici so u\u010denci spoznali tudi zgodbo Malale Yousafzai, pakistanske deklice, ki se bori za pravico do izobra\u017eevanja deklet. Z u\u010denci smo prebrali kratek odlomek iz njene knjige Jaz sem Malala in si tudi pogledali kratek videoposnetek. Sledila je diskusija z u\u010denci, ki so nato \u0161e likovno in pisno ustvarjali. Po izvedbi delavnic je sledila postavitev skupne razstave izdelkov u\u010dencev, ki krasi \u0161olski hodnik. Izdelke u\u010dencev pa bomo poslali tudi na Dru\u0161tvo za strpne odnose Eksena, kjer bodo sodelovali na nate\u010daju za izbor najbolj ekspresivnih likovnih in pisnih izdelkov in bodo del osrednje nacionalne razstave izbranih izdelkov v prostorih Hi\u0161e Evropske unije v Ljubljani. \u010castni pokrovitelj projekta je varuh \u010dlovekovih pravic, projekt pa sta podprla tudi Ministrstvo za izobra\u017eevanje, znanost in \u0161port ter Ministrstvo za pravosodje.<\/p>\n<p style=\"text-align: right\"><strong>Anita Vrtin, koordinatorica projekta na \u0161oli<\/strong><\/p>\nngg_shortcode_0_placeholder\n","protected":false},"excerpt":{"rendered":"<p>Dru\u0161tvo za strpne odnose Eksena in izobra\u017eevalni center Eksena sta na\u0161o \u0161olo povabila k sodelovanju v edinstvenem nepridobitnem \u010dlovekoljubnem projektu Mednarodni dan strpnosti \u2013 dan za strpnost in prijateljstvo, ki letos poteka jubilejno 10. leto. Tema leto\u0161njega projekta je BODI SPREMEBA, KI SI JO \u017dELI\u0160 VIDETI V SVETU. Namen projekta je ozave\u0161\u010danje otrok in mladih [&hellip;]<\/p>\n","protected":false},"author":111801,"featured_media":36493,"comment_status":"closed","ping_status":"closed","sticky":false,"template":"","format":"standard","meta":{"_et_pb_use_builder":"","_et_pb_old_content":"","_et_gb_content_width":"","ngg_post_thumbnail":0,"footnotes":"","_expiration-date-status":"","_expiration-date":0,"_expiration-date-type":"","_expiration-date-categories":[],"_expiration-date-options":[]},"categories":[10],"tags":[],"class_list":["post-36484","post","type-post","status-publish","format-standard","has-post-thumbnail","hentry","category-nedavni-dogodki"],"_links":{"self":[{"href":"https:\/\/os-dragatus.splet.arnes.si\/index.php?rest_route=\/wp\/v2\/posts\/36484","targetHints":{"allow":["GET"]}}],"collection":[{"href":"https:\/\/os-dragatus.splet.arnes.si\/index.php?rest_route=\/wp\/v2\/posts"}],"about":[{"href":"https:\/\/os-dragatus.splet.arnes.si\/index.php?rest_route=\/wp\/v2\/types\/post"}],"author":[{"embeddable":true,"href":"https:\/\/os-dragatus.splet.arnes.si\/index.php?rest_route=\/wp\/v2\/users\/111801"}],"replies":[{"embeddable":true,"href":"https:\/\/os-dragatus.splet.arnes.si\/index.php?rest_route=%2Fwp%2Fv2%2Fcomments&post=36484"}],"version-history":[{"count":1,"href":"https:\/\/os-dragatus.splet.arnes.si\/index.php?rest_route=\/wp\/v2\/posts\/36484\/revisions"}],"predecessor-version":[{"id":36494,"href":"https:\/\/os-dragatus.splet.arnes.si\/index.php?rest_route=\/wp\/v2\/posts\/36484\/revisions\/36494"}],"wp:featuredmedia":[{"embeddable":true,"href":"https:\/\/os-dragatus.splet.arnes.si\/index.php?rest_route=\/wp\/v2\/media\/36493"}],"wp:attachment":[{"href":"https:\/\/os-dragatus.splet.arnes.si\/index.php?rest_route=%2Fwp%2Fv2%2Fmedia&parent=36484"}],"wp:term":[{"taxonomy":"category","embeddable":true,"href":"https:\/\/os-dragatus.splet.arnes.si\/index.php?rest_route=%2Fwp%2Fv2%2Fcategories&post=36484"},{"taxonomy":"post_tag","embeddable":true,"href":"https:\/\/os-dragatus.splet.arnes.si\/index.php?rest_route=%2Fwp%2Fv2%2Ftags&post=36484"}],"curies":[{"name":"wp","href":"https:\/\/api.w.org\/{rel}","templated":true}]}}