{"id":35129,"date":"2024-05-24T08:15:54","date_gmt":"2024-05-24T06:15:54","guid":{"rendered":"https:\/\/os-dragatus.splet.arnes.si\/?p=35129"},"modified":"2024-06-14T08:16:47","modified_gmt":"2024-06-14T06:16:47","slug":"uspesni-na-natecaju-moja-domovina-moj-svet","status":"publish","type":"post","link":"https:\/\/os-dragatus.splet.arnes.si\/?p=35129","title":{"rendered":"Uspe\u0161ni na nate\u010daju Moja domovina, moj svet"},"content":{"rendered":"<p>V petek, 24. maja 2024, smo se udele\u017eili otvoritve razstave in podelitve nagrad ter priznanj najbolj\u0161im mladim likovnim in literarnim ustvarjalcem na nate\u010daju Moja domovina, moj svet. Prireditev se je odvila na Petrovem trgu v \u010crnomlju, kjer so na velikih panojih razstavili izbrana likovna in literarna dela, med katerimi so bila tudi likovna dela na\u0161ih u\u010dencev Ga\u0161perja Sim\u010di\u010da in Teje Puhek iz 6. r., Lare \u017duni\u010d iz 7. r. ter Zale Puhek iz 8. r.<br \/>\nOb otvoritvi so podelili nagrade najbolj\u0161im in njihovim mentorjem.<br \/>\nGa\u0161per Sim\u010di\u010d je prejel nagrado in priznanje za osvojeno 1. mesto, Teja Puhek pa nagrado in priznanje za osvojeno 3. mesto, oba v kategoriji 2. triade. Zala Puhek je prejela nagrado in priznanje za osvojeno 3. mesto v kategoriji 3. triade. Lara \u017duni\u010d je prejela priznanje za sodelovanje na razstavi. Nagrado in priznanje pa je prejela tudi njihova mentorica Jasmina Strugar.<br \/>\nZbrane je nagovoril Andrej Kav\u0161ek &#8211; \u017eupan ob\u010dine \u010crnomelj. V kraj\u0161em kulturnem programu so nastopili otroci iz Vrtca Otona \u017dupan\u010di\u010da \u010crnomelj in u\u010denki O\u0160 Mirana Jarca \u010crnomelj. Program je povezoval Jaka Birkelbach. Razstava bo na Petrovem trgu na ogled do 15. junija 2024.<\/p>\nngg_shortcode_0_placeholder\n","protected":false},"excerpt":{"rendered":"<p>V petek, 24. maja 2024, smo se udele\u017eili otvoritve razstave in podelitve nagrad ter priznanj najbolj\u0161im mladim likovnim in literarnim ustvarjalcem na nate\u010daju Moja domovina, moj svet. Prireditev se je odvila na Petrovem trgu v \u010crnomlju, kjer so na velikih panojih razstavili izbrana likovna in literarna dela, med katerimi so bila tudi likovna dela na\u0161ih [&hellip;]<\/p>\n","protected":false},"author":1706,"featured_media":35099,"comment_status":"closed","ping_status":"closed","sticky":false,"template":"","format":"standard","meta":{"_et_pb_use_builder":"","_et_pb_old_content":"","_et_gb_content_width":"","ngg_post_thumbnail":0,"footnotes":"","_expiration-date-status":"","_expiration-date":0,"_expiration-date-type":"","_expiration-date-categories":[],"_expiration-date-options":[]},"categories":[10],"tags":[],"class_list":["post-35129","post","type-post","status-publish","format-standard","has-post-thumbnail","hentry","category-nedavni-dogodki"],"_links":{"self":[{"href":"https:\/\/os-dragatus.splet.arnes.si\/index.php?rest_route=\/wp\/v2\/posts\/35129","targetHints":{"allow":["GET"]}}],"collection":[{"href":"https:\/\/os-dragatus.splet.arnes.si\/index.php?rest_route=\/wp\/v2\/posts"}],"about":[{"href":"https:\/\/os-dragatus.splet.arnes.si\/index.php?rest_route=\/wp\/v2\/types\/post"}],"author":[{"embeddable":true,"href":"https:\/\/os-dragatus.splet.arnes.si\/index.php?rest_route=\/wp\/v2\/users\/1706"}],"replies":[{"embeddable":true,"href":"https:\/\/os-dragatus.splet.arnes.si\/index.php?rest_route=%2Fwp%2Fv2%2Fcomments&post=35129"}],"version-history":[{"count":1,"href":"https:\/\/os-dragatus.splet.arnes.si\/index.php?rest_route=\/wp\/v2\/posts\/35129\/revisions"}],"predecessor-version":[{"id":35130,"href":"https:\/\/os-dragatus.splet.arnes.si\/index.php?rest_route=\/wp\/v2\/posts\/35129\/revisions\/35130"}],"wp:featuredmedia":[{"embeddable":true,"href":"https:\/\/os-dragatus.splet.arnes.si\/index.php?rest_route=\/wp\/v2\/media\/35099"}],"wp:attachment":[{"href":"https:\/\/os-dragatus.splet.arnes.si\/index.php?rest_route=%2Fwp%2Fv2%2Fmedia&parent=35129"}],"wp:term":[{"taxonomy":"category","embeddable":true,"href":"https:\/\/os-dragatus.splet.arnes.si\/index.php?rest_route=%2Fwp%2Fv2%2Fcategories&post=35129"},{"taxonomy":"post_tag","embeddable":true,"href":"https:\/\/os-dragatus.splet.arnes.si\/index.php?rest_route=%2Fwp%2Fv2%2Ftags&post=35129"}],"curies":[{"name":"wp","href":"https:\/\/api.w.org\/{rel}","templated":true}]}}