{"id":34971,"date":"2024-05-27T09:30:09","date_gmt":"2024-05-27T07:30:09","guid":{"rendered":"https:\/\/os-dragatus.splet.arnes.si\/?p=34971"},"modified":"2024-06-01T09:33:18","modified_gmt":"2024-06-01T07:33:18","slug":"sportni-dan-gas-na-gace","status":"publish","type":"post","link":"https:\/\/os-dragatus.splet.arnes.si\/?p=34971","title":{"rendered":"\u0160portni dan: GAS na Ga\u010de"},"content":{"rendered":"<p>V ponedeljek, 27. 5. 2024, smo se u\u010denci 1.-5. r. z u\u010diteljicami odpravili na Ga\u010de. Tam smo se razdelili v dve ve\u010dji skupini. Po malici je \u0161la skupina 1., 4. in 5. r. v adrenalinski park, 2. skupina (u\u010denci 2. in 3. razreda) pa na kraj\u0161i pohod.<br \/>\nV adrenalinskem parku nam je tamkaj\u0161nji zaposleni razlo\u017eil uporabo pripomo\u010dkov, s katerimi smo se pripeli na vrv, da bi nas obvarovala v primeru zdrsa. Na glavo smo si nadeli \u010delado, oblekli se v varovalne pasove in na \u00bb\u0161kratu\u00ab, pokazali razumevanje navodil in rabo pripomo\u010dkov na ovirah in \u00bbziplajnu\u00ab. V primeru, da kdo ni \u010desa vedel, so bili tam 3 zaposleni, ki so nam pomagali, nas vodili, nekatere tudi bodrili k cilju, \u010de jih je bilo strah. Nekateri u\u010denci smo preizkusili vse tri proge: lisi\u010dka, volk in medved, spet druge pa so morali zaposleni re\u0161iti z lisi\u010dke, saj je bil strah prevelik, da bi lahko sami po progi sledili do cilja. Tudi u\u010diteljici sta preizkusili progo medved.<br \/>\nPo dolo\u010denem \u010dasu smo se morali zamenjati. Mi smo od\u0161li na pohod, u\u010denci 2. in 3. r. pa so pri\u0161li v adrenalinski park. Na pohodu smo pri\u0161li do jezera, zaposleni nam je razkazal tudi topove in razlo\u017eil delovanje \u010drpalke pri potiskanju vode iz jezera do vrha hribov, kjer voda prihaja v topove in dela sneg.<br \/>\nDan je minil prehitro. \u0160koda, da v adrenalinskem parku nismo mogli biti dlje. (U\u010denci 4. r.)<\/p>\n<p>V ponedeljek, 27. maja, smo se u\u010denci od prvega do petega razred odpravili na Ga\u010de. Tam smo se odpeljali z avtobusom. Ob prihodu na Ga\u010de smo najprej pomalicali. Nato smo se razdelili v dve skupini. V prvi smo bili u\u010denci 1., 4. in 5. razreda. V drugi pa u\u010denci 2. in 3. razreda. Prva skupina se je najprej oblekla varnostne pasove in si nadela \u010delade. Potem smo od\u0161li v adrenalinski park. In\u0161truktor Vasja nam je na za\u010detni progi \u0160krat podal navodila varne uporabe. \u0160e sami smo prakti\u010dno ponovili navodila. Ko smo progo opravili, smo od\u0161li na progo Lisi\u010dka. Po kon\u010dni prvi progi&nbsp;smo lahko \u0161li \u0161e na Volkca in Medvedka. \u010cas je kar hitro minil, ker smo bili polni adrenalina in do\u017eivetij. Nato nam je vodi\u010d razkazal, kako speljejo vodo do smu\u010di\u0161\u010da, kjer s sne\u017enimi stroji naredijo sneg ter&nbsp;naprave kot so ratrak in motorne sani. U\u010dili smo se tudi&nbsp;streljati z lokom.&nbsp;<br \/>\nDobil sem kar nekaj \u017euljev, ampak mi ni \u017eal. (Lovro Vuk, 5. r.)<\/p>\n<p>V ponedeljek, 27. 5. 2024, smo imeli u\u010denci od 1. do 5. razreda \u0161portni dan na Ga\u010dah. Ob prihodu smo pomalicali in se razdelili v dve skupini. Moja skupina se je najprej odpravila v adrenalinski park, kjer smo se preizkusili na treh razli\u010dnih plezalnih poligonih. Najbolj zabavna se mi je zdela Medvedja proga, ki je najvi\u0161ja. \u010cez nekaj \u010dasa sta se skupini zamenjali. Mi smo od\u0161li na pohod in na lokostrelstvo, druga skupina pa se je pripravila na plezalni izziv. Po kon\u010danih aktivnostih smo se z avtobusom odpravili nazaj v \u0161olo. Ta dan je bil poln adrenalina. Upam, da ga \u0161e kdaj ponovimo. (Ne\u017ea Koce, 5. r.)<\/p>\n<p>V ponedeljek, 27. 5. 2024, smo se u\u010denci 1., 2., 3., 4. in 5. razreda odpravili na Ga\u010de. Zjutraj, ko smo se vsi zbrali, smo \u0161li v \u0161olo po malico. Potem smo po\u010dakali avtobus. Bila sta 2 avtobusa &#8211; na manj\u0161ega smo \u0161li u\u010denci 4. in 5. razreda, na ve\u010djega pa u\u010denci 1., 2. in 3. razreda. Ko smo pri\u0161li na Ga\u010de, smo se najprej usedli in pojedli malico. Potem smo se razdelili: 2. in 3. razred so \u0161li na sprehod po Ga\u010dah, ostali pa smo si nadeli opremo in \u0161li v adrenalinski park. Najprej nam je &#8220;u\u010ditelj&#8221; Vasja pokazal opremo in nam povedal, kako jo uporabljamo. Potem smo \u0161li na progo \u0160kratek. Ta je bila \u010disto kratka. Potem smo \u0161li lahko \u017ee na Lisi\u010djo progo, ki je malo vi\u0161ja in dalj\u0161a od \u0160kratka. Kasneje sem \u0161la na Volkca. In nato sem \u0161la \u0161e na najvi\u0161jo progo, ki se imenuje Medved. Kasneje smo \u0161li \u0161e na sprehod po Ga\u010dah. Potem smo streljali z lokom (samo 4. in 5.r.). Kmalu smo od\u0161li na parkiri\u0161\u010de, kjer nas je \u010dakal avtobus in nas odpeljal nazaj v \u0161olo. Tam smo pojedli kosilo, \u0161li na dejavnosti ali prevoz domov. Ta dan mi je bil zelooooooooo v\u0161e\u010d. Rada bi ga \u0161e enkrat ponovila. (Neja Daj\u010dman, 5. r.)<\/p>\n<p>V ponedeljek, 27. 5. 2024, smo se odpravili na Ga\u010de. Ko smo pri\u0161li, smo pojedli in se odpravili v adrenalinski park. Tam me je bilo najbolj strah Medvedje steze. Ko smo kon\u010dali z adrenalinskem parkom, smo slekli varovalne pasove in se odpravili pod skedenj. Tam smo popili, pojedli in se sprehodili po progi, ki nam jo je pokazal vodi\u010d (jezero, stroje). Ko smo pri\u0161li nazaj, smo zopet pojedli in popili ter se odpravili na naslednjo postajo, in sicer lokostrelstvo. To mi ni bilo ravno v\u0161e\u010d. Ko si nehal streljati z lokom, si \u0161el na igrala. Tu se je \u017ee dan zaklju\u010dil. Pobo\u017eal sem \u0161e ku\u017eka Tita in se odpravil na avtobus.<br \/>\nTA DAN MI JE OSTAL V SPOMINU. (Matic \u010crni\u010d, 5. r.)<\/p>\nngg_shortcode_0_placeholder\n","protected":false},"excerpt":{"rendered":"<p>V ponedeljek, 27. 5. 2024, smo se u\u010denci 1.-5. r. z u\u010diteljicami odpravili na Ga\u010de. Tam smo se razdelili v dve ve\u010dji skupini. Po malici je \u0161la skupina 1., 4. in 5. r. v adrenalinski park, 2. skupina (u\u010denci 2. in 3. razreda) pa na kraj\u0161i pohod. V adrenalinskem parku nam je tamkaj\u0161nji zaposleni razlo\u017eil [&hellip;]<\/p>\n","protected":false},"author":1706,"featured_media":34910,"comment_status":"closed","ping_status":"closed","sticky":false,"template":"","format":"standard","meta":{"_et_pb_use_builder":"","_et_pb_old_content":"","_et_gb_content_width":"","ngg_post_thumbnail":0,"footnotes":"","_expiration-date-status":"","_expiration-date":0,"_expiration-date-type":"","_expiration-date-categories":[],"_expiration-date-options":[]},"categories":[10],"tags":[],"class_list":["post-34971","post","type-post","status-publish","format-standard","has-post-thumbnail","hentry","category-nedavni-dogodki"],"_links":{"self":[{"href":"https:\/\/os-dragatus.splet.arnes.si\/index.php?rest_route=\/wp\/v2\/posts\/34971","targetHints":{"allow":["GET"]}}],"collection":[{"href":"https:\/\/os-dragatus.splet.arnes.si\/index.php?rest_route=\/wp\/v2\/posts"}],"about":[{"href":"https:\/\/os-dragatus.splet.arnes.si\/index.php?rest_route=\/wp\/v2\/types\/post"}],"author":[{"embeddable":true,"href":"https:\/\/os-dragatus.splet.arnes.si\/index.php?rest_route=\/wp\/v2\/users\/1706"}],"replies":[{"embeddable":true,"href":"https:\/\/os-dragatus.splet.arnes.si\/index.php?rest_route=%2Fwp%2Fv2%2Fcomments&post=34971"}],"version-history":[{"count":1,"href":"https:\/\/os-dragatus.splet.arnes.si\/index.php?rest_route=\/wp\/v2\/posts\/34971\/revisions"}],"predecessor-version":[{"id":34972,"href":"https:\/\/os-dragatus.splet.arnes.si\/index.php?rest_route=\/wp\/v2\/posts\/34971\/revisions\/34972"}],"wp:featuredmedia":[{"embeddable":true,"href":"https:\/\/os-dragatus.splet.arnes.si\/index.php?rest_route=\/wp\/v2\/media\/34910"}],"wp:attachment":[{"href":"https:\/\/os-dragatus.splet.arnes.si\/index.php?rest_route=%2Fwp%2Fv2%2Fmedia&parent=34971"}],"wp:term":[{"taxonomy":"category","embeddable":true,"href":"https:\/\/os-dragatus.splet.arnes.si\/index.php?rest_route=%2Fwp%2Fv2%2Fcategories&post=34971"},{"taxonomy":"post_tag","embeddable":true,"href":"https:\/\/os-dragatus.splet.arnes.si\/index.php?rest_route=%2Fwp%2Fv2%2Ftags&post=34971"}],"curies":[{"name":"wp","href":"https:\/\/api.w.org\/{rel}","templated":true}]}}